{"id":3338,"date":"2021-04-29T07:11:00","date_gmt":"2021-04-29T07:11:00","guid":{"rendered":"https:\/\/enovathemes.com\/globax\/infinitum\/main\/?p=3338"},"modified":"2021-04-29T19:58:24","modified_gmt":"2021-04-29T19:58:24","slug":"post-6","status":"publish","type":"post","link":"https:\/\/www.aeje.com.br\/index.php\/2021\/04\/29\/post-6\/","title":{"rendered":"Question\u00e1rio Atualidades"},"content":{"rendered":"<ul class=\"chat\">\nEsse question\u00e1rio foi criado pela AEJE e respondido por um de nossos associados, abordando a diferen\u00e7a na rotina dos escrit\u00f3rios de advocacia diante da pandemia de Covid-19. Confira.<\/p>\n<hr>\n<p><strong>1. O escrit\u00f3rio est\u00e1 funcionando presencialmente, em home office ou em modelo h\u00edbrido.<\/strong><\/p>\n<blockquote><p>Estamos funcionando em home office desde mar\u00e7o de 2020.<\/p><\/blockquote>\n<p><strong>2. Quais as maiores dificuldades para a gest\u00e3o do escrit\u00f3rio, nesta \u00e9poca de pandemia?<\/strong><\/p>\n<blockquote><p>A nossa \u00e1rea de TI foi bastante eficiente e conseguiu colocar todo o grupo conectado e em perfeitas condi\u00e7\u00f5es de trabalho. N\u00e3o houve qualquer preju\u00edzo e nenhum problema em rela\u00e7\u00e3o ao cumprimentos dos prazos e atendimento dos nossos clientes. A maior dificuldade vivenciada, sem d\u00favida, \u00e9 a integra\u00e7\u00e3o das pessoas, a falta de contato, e o esgotamento de todos em rela\u00e7\u00e3o ao tempo de reclus\u00e3o.<\/p><\/blockquote>\n<p><strong>3. Houve alguma dificuldade ou resist\u00eancia das equipes em implantar o trabalho home office? Os profissionais se adaptaram r\u00e1pido?<\/strong><\/p>\n<blockquote><p>N\u00e3o houve problema e n\u00e3o houve resist\u00eancia. At\u00e9 porque, em meados de 2019, j\u00e1 hav\u00edamos iniciado um projeto piloto para implementa\u00e7\u00e3o parcial do home office. J\u00e1 t\u00ednhamos 20 pessoas trabalhando no modelo, o que facilitou a adapta\u00e7\u00e3o de todos. Al\u00e9m do mais, todos entenderam que a nossa prioridade era a sa\u00fade e a seguran\u00e7a de todos, e acabaram participando e se engajando na decis\u00e3o.<\/p><\/blockquote>\n<p><strong>4. Foi contratada uma assessoria pelo escrit\u00f3rio para enfrentar este momento pand\u00eamico? Caso positivo, em quais \u00e1reas (estrutural, negocial, psicol\u00f3gica, etc)?<\/strong><\/p>\n<blockquote><p>Sim. Contamos com apoio de uma consultoria na \u00e1rea de psicologia e pessoas.<\/p><\/blockquote>\n<p><strong>5. Quais as \u00e1reas do direito que mais cresceram no ano de 2020? Quais \u00e1reas devem ter destaque em 2021?<\/strong><\/p>\n<blockquote><p>No nosso caso, implementamos duas novas \u00e1reas de atua\u00e7\u00e3o (Prote\u00e7\u00e3o de dados e Recupera\u00e7\u00e3o e Reestrutura\u00e7\u00e3o de empresas). Al\u00e9m disso, percebemos um crescimento na consultoria trabalhista e tribut\u00e1ria.<\/p><\/blockquote>\n<p><strong>6. Passada esta pandemia ou normalizada um pouco a situa\u00e7\u00e3o, o escrit\u00f3rio voltar\u00e1 ao trabalho presencial, ou adotar\u00e1 de forma permanente o modelo do home office ou h\u00edbrido?<\/strong><\/p>\n<blockquote><p>J\u00e1 definimos que s\u00f3 retomaremos qualquer atividade presencial quando todo o nosso grupo estiver vacinado. Enquanto isso n\u00e3o acontecer, seguiremos em home office total. Ap\u00f3s a imuniza\u00e7\u00e3o de todos, as atividades ser\u00e3o presenciais e remotas. Ou seja, o estrat\u00e9gico ser\u00e1 presencial e a tarefa ser\u00e1 remota.<\/p><\/blockquote>\n<p><strong>7. Quais as tend\u00eancias e perfil de expectativas e da demanda de mercado para as \u00e1reas jur\u00eddicas atendidas, ou n\u00e3o, por seu escrit\u00f3rio nos pr\u00f3ximos cinco anos?<\/strong><\/p>\n<blockquote><p>Acredito que a tend\u00eancia seja a amplia\u00e7\u00e3o de atividades remotas, com os clientes priorizando a qualifica\u00e7\u00e3o. Na minha avalia\u00e7\u00e3o, um movimento que j\u00e1 vinha sendo percebido, no sentido de rever a depend\u00eancia do Poder Judici\u00e1rio, dever\u00e1 ser ampliado. \u00c1reas como ambiental, prote\u00e7\u00e3o de dados, regulat\u00f3rio, trabalhista, tribut\u00e1rio, e o pr\u00f3prio <em>compliance<\/em>, devem crescer.<\/p><\/blockquote>\n<p><strong>8. Em fun\u00e7\u00e3o da pandemia, com &nbsp;um programa permanente de an\u00e1lise da rentabilidade dos clientes visando fideliza\u00e7\u00e3o dos lucrativos, incremento da lucratividade dos medianamente ou n\u00e3o lucrativos, bem como a exclus\u00e3o de clientes n\u00e3o lucrativos?<\/strong><\/p>\n<blockquote><p>Independentemente da pandemia, a avalia\u00e7\u00e3o da estrat\u00e9gia deve ser permanente. N\u00e3o h\u00e1 mais possibilidade de se manter opera\u00e7\u00f5es n\u00e3o sustent\u00e1veis.<\/p><\/blockquote>\n<\/ul>\n","protected":false},"excerpt":{"rendered":"<p>Esse question\u00e1rio foi criado pela AEJE e respondido por um de nossos associados, abordando a diferen\u00e7a na rotina dos escrit\u00f3rios de advocacia diante da pandemia de Covid-19. Confira.<\/p>\n","protected":false},"author":2,"featured_media":14028,"comment_status":"open","ping_status":"closed","sticky":false,"template":"","format":"chat","meta":{"footnotes":""},"categories":[60],"tags":[],"class_list":["post-3338","post","type-post","status-publish","format-chat","has-post-thumbnail","hentry","category-questionarios","post_format-post-format-chat"],"_links":{"self":[{"href":"https:\/\/www.aeje.com.br\/index.php\/wp-json\/wp\/v2\/posts\/3338","targetHints":{"allow":["GET"]}}],"collection":[{"href":"https:\/\/www.aeje.com.br\/index.php\/wp-json\/wp\/v2\/posts"}],"about":[{"href":"https:\/\/www.aeje.com.br\/index.php\/wp-json\/wp\/v2\/types\/post"}],"author":[{"embeddable":true,"href":"https:\/\/www.aeje.com.br\/index.php\/wp-json\/wp\/v2\/users\/2"}],"replies":[{"embeddable":true,"href":"https:\/\/www.aeje.com.br\/index.php\/wp-json\/wp\/v2\/comments?post=3338"}],"version-history":[{"count":4,"href":"https:\/\/www.aeje.com.br\/index.php\/wp-json\/wp\/v2\/posts\/3338\/revisions"}],"predecessor-version":[{"id":14062,"href":"https:\/\/www.aeje.com.br\/index.php\/wp-json\/wp\/v2\/posts\/3338\/revisions\/14062"}],"wp:featuredmedia":[{"embeddable":true,"href":"https:\/\/www.aeje.com.br\/index.php\/wp-json\/wp\/v2\/media\/14028"}],"wp:attachment":[{"href":"https:\/\/www.aeje.com.br\/index.php\/wp-json\/wp\/v2\/media?parent=3338"}],"wp:term":[{"taxonomy":"category","embeddable":true,"href":"https:\/\/www.aeje.com.br\/index.php\/wp-json\/wp\/v2\/categories?post=3338"},{"taxonomy":"post_tag","embeddable":true,"href":"https:\/\/www.aeje.com.br\/index.php\/wp-json\/wp\/v2\/tags?post=3338"}],"curies":[{"name":"wp","href":"https:\/\/api.w.org\/{rel}","templated":true}]}}